{"id":11333,"date":"2026-09-03T16:42:13","date_gmt":"2026-09-03T14:42:13","guid":{"rendered":"https:\/\/www.association-ore.fr\/fr\/?p=11333"},"modified":"2026-09-03T16:42:13","modified_gmt":"2026-09-03T14:42:13","slug":"lassociation-ore-presente-ses-activites-lors-de-la-journee-dintegration-du-lycee-agricole-de-quetigny","status":"publish","type":"post","link":"https:\/\/www.association-ore.fr\/fr\/lassociation-ore-presente-ses-activites-lors-de-la-journee-dintegration-du-lycee-agricole-de-quetigny\/","title":{"rendered":"L&#8217;association ORE pr\u00e9sente ses activit\u00e9s lors de la journ\u00e9e d&#8217;int\u00e9gration du Lyc\u00e9e agricole de Qu\u00e9tigny"},"content":{"rendered":"<p>&nbsp;<\/p>\n<p>Dans le cadre de son partenariat avec le Lyc\u00e9e agricole de Qu\u00e9tigny, l\u2019association ORE a particip\u00e9 \u00e0 la journ\u00e9e d\u2019int\u00e9gration d\u00e9di\u00e9e aux \u00e9l\u00e8ves de seconde.<\/p>\n<p>L\u2019\u00e9quipe a anim\u00e9 un atelier de r\u00e9alit\u00e9 virtuelle (VR), offrant aux lyc\u00e9ens une immersion technologique ludique et interactive. Parall\u00e8lement, elle a pr\u00e9sent\u00e9 le projet de voiture t\u00e9l\u00e9command\u00e9e r\u00e9alis\u00e9 par la promotion pr\u00e9c\u00e9dente, illustrant concr\u00e8tement les possibilit\u00e9s cr\u00e9atives et techniques offertes au sein du Fablab .<\/p>\n<p>Cette intervention a permis d\u2019\u00e9changer avec les \u00e9l\u00e8ves autour des ateliers num\u00e9riques et cr\u00e9atifs propos\u00e9s par l\u2019association. La journ\u00e9e s\u2019est d\u00e9roul\u00e9e dans une ambiance conviviale, favorisant les premi\u00e8res rencontres entre les participants et les membres de l\u2019ORE.<\/p>\n<p>&nbsp;<\/p>\n<p><img fetchpriority=\"high\" decoding=\"async\" class=\"alignnone size-medium wp-image-11335\" src=\"https:\/\/www.association-ore.fr\/fr\/wp-content\/uploads\/2026\/09\/6921-scaled-300x169.jpg\" alt=\"\" width=\"300\" height=\"169\" srcset=\"https:\/\/www.association-ore.fr\/fr\/wp-content\/uploads\/2026\/09\/6921-scaled-300x169.jpg 300w, https:\/\/www.association-ore.fr\/fr\/wp-content\/uploads\/2026\/09\/6921-scaled-1024x576.jpg 1024w\" sizes=\"(max-width: 300px) 100vw, 300px\" \/>\u00a0 <img decoding=\"async\" class=\"alignnone size-medium wp-image-11336\" src=\"https:\/\/www.association-ore.fr\/fr\/wp-content\/uploads\/2026\/09\/6923-scaled-300x169.jpg\" alt=\"\" width=\"300\" height=\"169\" srcset=\"https:\/\/www.association-ore.fr\/fr\/wp-content\/uploads\/2026\/09\/6923-scaled-300x169.jpg 300w, https:\/\/www.association-ore.fr\/fr\/wp-content\/uploads\/2026\/09\/6923-scaled-1024x576.jpg 1024w\" sizes=\"(max-width: 300px) 100vw, 300px\" \/><\/p>\n","protected":false},"excerpt":{"rendered":"<p>&nbsp; Dans le cadre de son partenariat avec le Lyc\u00e9e agricole de Qu\u00e9tigny, l\u2019association ORE a particip\u00e9 \u00e0 la journ\u00e9e d\u2019int\u00e9gration d\u00e9di\u00e9e aux \u00e9l\u00e8ves de seconde. L\u2019\u00e9quipe a anim\u00e9 un atelier de r\u00e9alit\u00e9 virtuelle (VR), offrant aux lyc\u00e9ens une immersion technologique ludique et interactive. Parall\u00e8lement, elle a pr\u00e9sent\u00e9 le projet de voiture t\u00e9l\u00e9command\u00e9e r\u00e9alis\u00e9 par&#8230;<\/p>\n","protected":false},"author":13,"featured_media":11334,"comment_status":"closed","ping_status":"closed","sticky":false,"template":"","format":"standard","meta":{"footnotes":""},"categories":[29],"tags":[],"class_list":["post-11333","post","type-post","status-publish","format-standard","has-post-thumbnail","hentry","category-actualites"],"_links":{"self":[{"href":"https:\/\/www.association-ore.fr\/fr\/wp-json\/wp\/v2\/posts\/11333","targetHints":{"allow":["GET"]}}],"collection":[{"href":"https:\/\/www.association-ore.fr\/fr\/wp-json\/wp\/v2\/posts"}],"about":[{"href":"https:\/\/www.association-ore.fr\/fr\/wp-json\/wp\/v2\/types\/post"}],"author":[{"embeddable":true,"href":"https:\/\/www.association-ore.fr\/fr\/wp-json\/wp\/v2\/users\/13"}],"replies":[{"embeddable":true,"href":"https:\/\/www.association-ore.fr\/fr\/wp-json\/wp\/v2\/comments?post=11333"}],"version-history":[{"count":1,"href":"https:\/\/www.association-ore.fr\/fr\/wp-json\/wp\/v2\/posts\/11333\/revisions"}],"predecessor-version":[{"id":11337,"href":"https:\/\/www.association-ore.fr\/fr\/wp-json\/wp\/v2\/posts\/11333\/revisions\/11337"}],"wp:featuredmedia":[{"embeddable":true,"href":"https:\/\/www.association-ore.fr\/fr\/wp-json\/wp\/v2\/media\/11334"}],"wp:attachment":[{"href":"https:\/\/www.association-ore.fr\/fr\/wp-json\/wp\/v2\/media?parent=11333"}],"wp:term":[{"taxonomy":"category","embeddable":true,"href":"https:\/\/www.association-ore.fr\/fr\/wp-json\/wp\/v2\/categories?post=11333"},{"taxonomy":"post_tag","embeddable":true,"href":"https:\/\/www.association-ore.fr\/fr\/wp-json\/wp\/v2\/tags?post=11333"}],"curies":[{"name":"wp","href":"https:\/\/api.w.org\/{rel}","templated":true}]}}