{"id":11327,"date":"2026-09-03T09:48:10","date_gmt":"2026-09-03T07:48:10","guid":{"rendered":"https:\/\/www.association-ore.fr\/fr\/?p=11327"},"modified":"2026-09-03T09:48:10","modified_gmt":"2026-09-03T07:48:10","slug":"on-parle-de-nous-sur-ici-bourgogne","status":"publish","type":"post","link":"https:\/\/www.association-ore.fr\/fr\/on-parle-de-nous-sur-ici-bourgogne\/","title":{"rendered":"On parle de nous sur Ici Bourgogne"},"content":{"rendered":"<p>&nbsp;<\/p>\n<p>Vous pouvez \u00e9couter\u00a0 l&#8217;audio de Hakim Boussejra en suivant ce lien ;<a href=\"https:\/\/www.radiofrance.fr\/francebleu\/podcasts\/ici-bourgogne-ca-marche-avec-florence-gallice-1507888\">https:\/\/www.radiofrance.fr\/francebleu\/podcasts\/ici-bourgogne-ca-marche-avec-florence-gallice-1507888<\/a><\/p>\n<p>&nbsp;<\/p>\n<p class=\"Paragraph typo-paragraph-text-large svelte-1jwh7qj\">\u00c0 Qu\u00e9tigny, l\u2019association Or\u00e9 accompagne les enfants et les jeunes dans leur scolarit\u00e9 gr\u00e2ce \u00e0 un dispositif d\u2019aide aux devoirs. Une initiative qui r\u00e9pond \u00e0 un besoin concret\u00a0: permettre \u00e0 chacun de faire ses devoirs dans de bonnes conditions, avec un accompagnement adapt\u00e9.<\/p>\n<h2 class=\"Heading typo-title-extra-large svelte-3esq2b\">Ne pas attendre que les difficult\u00e9s s&#8217;accumulent\u00a0!<\/h2>\n<p class=\"Paragraph typo-paragraph-text-large svelte-1jwh7qj\">Hakim Boussejra, b\u00e9n\u00e9vole \u00e0\u00a0<a class=\"Link svelte-1b0gv5f\" href=\"https:\/\/www.association-ore.fr\/fr\/\" target=\"_blank\" rel=\"nofollow noopener noreferrer\" data-testid=\"Link\">l&#8217;association Or\u00e9<span class=\"g-sr-only\">Ouverture dans un nouvel onglet<\/span><\/a>\u00a0\u00e0 Quetigny \u00e9tait notre invit\u00e9.<\/p>\n<p class=\"Paragraph typo-paragraph-text-large svelte-1jwh7qj\">Ici, il ne s\u2019agit pas simplement de donner les r\u00e9ponses. Les b\u00e9n\u00e9voles et les intervenants prennent le temps d\u2019expliquer, de reprendre une le\u00e7on, de redonner confiance et surtout d\u2019aider les jeunes \u00e0 devenir progressivement autonomes. Un soutien pr\u00e9cieux pour les familles, notamment lorsque les parents n\u2019ont pas toujours le temps ou la possibilit\u00e9 d\u2019accompagner les devoirs au quotidien.<\/p>\n<p class=\"Paragraph typo-paragraph-text-large svelte-1jwh7qj\">L\u2019association Or\u00e9 fait aussi de ce temps de travail un moment d\u2019\u00e9change et de convivialit\u00e9. Au-del\u00e0 des r\u00e9sultats scolaires, l\u2019objectif est de lutter contre le d\u00e9crochage et de donner aux jeunes l\u2019envie d\u2019apprendre.<\/p>\n","protected":false},"excerpt":{"rendered":"<p>&nbsp; Vous pouvez \u00e9couter\u00a0 l&#8217;audio de Hakim Boussejra en suivant ce lien ;https:\/\/www.radiofrance.fr\/francebleu\/podcasts\/ici-bourgogne-ca-marche-avec-florence-gallice-1507888 &nbsp; \u00c0 Qu\u00e9tigny, l\u2019association Or\u00e9 accompagne les enfants et les jeunes dans leur scolarit\u00e9 gr\u00e2ce \u00e0 un dispositif d\u2019aide aux devoirs. Une initiative qui r\u00e9pond \u00e0 un besoin concret\u00a0: permettre \u00e0 chacun de faire ses devoirs dans de bonnes conditions, avec un&#8230;<\/p>\n","protected":false},"author":13,"featured_media":11328,"comment_status":"closed","ping_status":"closed","sticky":false,"template":"","format":"standard","meta":{"footnotes":""},"categories":[29],"tags":[],"class_list":["post-11327","post","type-post","status-publish","format-standard","has-post-thumbnail","hentry","category-actualites"],"_links":{"self":[{"href":"https:\/\/www.association-ore.fr\/fr\/wp-json\/wp\/v2\/posts\/11327","targetHints":{"allow":["GET"]}}],"collection":[{"href":"https:\/\/www.association-ore.fr\/fr\/wp-json\/wp\/v2\/posts"}],"about":[{"href":"https:\/\/www.association-ore.fr\/fr\/wp-json\/wp\/v2\/types\/post"}],"author":[{"embeddable":true,"href":"https:\/\/www.association-ore.fr\/fr\/wp-json\/wp\/v2\/users\/13"}],"replies":[{"embeddable":true,"href":"https:\/\/www.association-ore.fr\/fr\/wp-json\/wp\/v2\/comments?post=11327"}],"version-history":[{"count":1,"href":"https:\/\/www.association-ore.fr\/fr\/wp-json\/wp\/v2\/posts\/11327\/revisions"}],"predecessor-version":[{"id":11329,"href":"https:\/\/www.association-ore.fr\/fr\/wp-json\/wp\/v2\/posts\/11327\/revisions\/11329"}],"wp:featuredmedia":[{"embeddable":true,"href":"https:\/\/www.association-ore.fr\/fr\/wp-json\/wp\/v2\/media\/11328"}],"wp:attachment":[{"href":"https:\/\/www.association-ore.fr\/fr\/wp-json\/wp\/v2\/media?parent=11327"}],"wp:term":[{"taxonomy":"category","embeddable":true,"href":"https:\/\/www.association-ore.fr\/fr\/wp-json\/wp\/v2\/categories?post=11327"},{"taxonomy":"post_tag","embeddable":true,"href":"https:\/\/www.association-ore.fr\/fr\/wp-json\/wp\/v2\/tags?post=11327"}],"curies":[{"name":"wp","href":"https:\/\/api.w.org\/{rel}","templated":true}]}}