{"id":10923,"date":"2026-05-02T15:57:21","date_gmt":"2026-05-02T13:57:21","guid":{"rendered":"https:\/\/www.association-ore.fr\/fr\/?p=10923"},"modified":"2026-05-02T15:57:21","modified_gmt":"2026-05-02T13:57:21","slug":"objectif-bac-2026","status":"publish","type":"post","link":"https:\/\/www.association-ore.fr\/fr\/objectif-bac-2026\/","title":{"rendered":"Objectif Bac 2026"},"content":{"rendered":"<p data-start=\"0\" data-end=\"158\">Depuis le <strong data-start=\"10\" data-end=\"27\">25 avril 2026<\/strong>, l\u2019association O.R.E accompagne une vingtaine d\u2019\u00e9l\u00e8ves de <strong data-start=\"86\" data-end=\"114\">Premi\u00e8re et de Terminale<\/strong> dans leurs r\u00e9visions du <strong data-start=\"139\" data-end=\"155\">baccalaur\u00e9at<\/strong>.<\/p>\n<p data-start=\"160\" data-end=\"362\">Organis\u00e9es sur <strong data-start=\"175\" data-end=\"207\">deux apr\u00e8s-midis <\/strong>, ces s\u00e9ances permettent aux \u00e9l\u00e8ves de revoir les notions essentielles, de s\u2019entra\u00eener et de poser leurs questions dans un cadre s\u00e9rieux et bienveillant.<\/p>\n<p data-start=\"160\" data-end=\"362\">Ces s\u00e9ances seront accessibles jusqu&#8217;au 13 juin 2026<\/p>\n<p data-start=\"364\" data-end=\"467\" data-is-last-node=\"\" data-is-only-node=\"\">Cet accompagnement vise \u00e0 les aider \u00e0 aborder les \u00e9preuves du bac avec plus de confiance et de m\u00e9thode.<\/p>\n<p data-start=\"364\" data-end=\"467\" data-is-last-node=\"\" data-is-only-node=\"\"><img fetchpriority=\"high\" decoding=\"async\" class=\"alignnone size-medium wp-image-10925\" src=\"https:\/\/www.association-ore.fr\/fr\/wp-content\/uploads\/2026\/05\/20260502_142130-scaled-300x225.jpg\" alt=\"\" width=\"300\" height=\"225\" srcset=\"https:\/\/www.association-ore.fr\/fr\/wp-content\/uploads\/2026\/05\/20260502_142130-scaled-300x225.jpg 300w, https:\/\/www.association-ore.fr\/fr\/wp-content\/uploads\/2026\/05\/20260502_142130-scaled-1024x768.jpg 1024w\" sizes=\"(max-width: 300px) 100vw, 300px\" \/><\/p>\n<p data-start=\"364\" data-end=\"467\" data-is-last-node=\"\" data-is-only-node=\"\"><img decoding=\"async\" class=\"alignnone size-medium wp-image-10926\" src=\"https:\/\/www.association-ore.fr\/fr\/wp-content\/uploads\/2026\/05\/20260502_142138-scaled-300x225.jpg\" alt=\"\" width=\"300\" height=\"225\" srcset=\"https:\/\/www.association-ore.fr\/fr\/wp-content\/uploads\/2026\/05\/20260502_142138-scaled-300x225.jpg 300w, https:\/\/www.association-ore.fr\/fr\/wp-content\/uploads\/2026\/05\/20260502_142138-scaled-1024x768.jpg 1024w\" sizes=\"(max-width: 300px) 100vw, 300px\" \/><\/p>\n<p data-start=\"364\" data-end=\"467\" data-is-last-node=\"\" data-is-only-node=\"\"><img decoding=\"async\" class=\"alignnone size-medium wp-image-10928\" src=\"https:\/\/www.association-ore.fr\/fr\/wp-content\/uploads\/2026\/05\/20260502_142212-scaled-300x225.jpg\" alt=\"\" width=\"300\" height=\"225\" srcset=\"https:\/\/www.association-ore.fr\/fr\/wp-content\/uploads\/2026\/05\/20260502_142212-scaled-300x225.jpg 300w, https:\/\/www.association-ore.fr\/fr\/wp-content\/uploads\/2026\/05\/20260502_142212-scaled-1024x768.jpg 1024w\" sizes=\"(max-width: 300px) 100vw, 300px\" \/><\/p>\n<p data-start=\"364\" data-end=\"467\" data-is-last-node=\"\" data-is-only-node=\"\"><img loading=\"lazy\" decoding=\"async\" class=\"alignnone size-medium wp-image-10931\" src=\"https:\/\/www.association-ore.fr\/fr\/wp-content\/uploads\/2026\/05\/20260502_142245-1-scaled-300x225.jpg\" alt=\"\" width=\"300\" height=\"225\" srcset=\"https:\/\/www.association-ore.fr\/fr\/wp-content\/uploads\/2026\/05\/20260502_142245-1-scaled-300x225.jpg 300w, https:\/\/www.association-ore.fr\/fr\/wp-content\/uploads\/2026\/05\/20260502_142245-1-scaled-1024x768.jpg 1024w\" sizes=\"(max-width: 300px) 100vw, 300px\" \/><\/p>\n","protected":false},"excerpt":{"rendered":"<p>Depuis le 25 avril 2026, l\u2019association O.R.E accompagne une vingtaine d\u2019\u00e9l\u00e8ves de Premi\u00e8re et de Terminale dans leurs r\u00e9visions du baccalaur\u00e9at. Organis\u00e9es sur deux apr\u00e8s-midis , ces s\u00e9ances permettent aux \u00e9l\u00e8ves de revoir les notions essentielles, de s\u2019entra\u00eener et de poser leurs questions dans un cadre s\u00e9rieux et bienveillant. Ces s\u00e9ances seront accessibles jusqu&#8217;au 13&#8230;<\/p>\n","protected":false},"author":13,"featured_media":10933,"comment_status":"closed","ping_status":"closed","sticky":false,"template":"","format":"standard","meta":{"footnotes":""},"categories":[29],"tags":[],"class_list":["post-10923","post","type-post","status-publish","format-standard","has-post-thumbnail","hentry","category-actualites"],"_links":{"self":[{"href":"https:\/\/www.association-ore.fr\/fr\/wp-json\/wp\/v2\/posts\/10923","targetHints":{"allow":["GET"]}}],"collection":[{"href":"https:\/\/www.association-ore.fr\/fr\/wp-json\/wp\/v2\/posts"}],"about":[{"href":"https:\/\/www.association-ore.fr\/fr\/wp-json\/wp\/v2\/types\/post"}],"author":[{"embeddable":true,"href":"https:\/\/www.association-ore.fr\/fr\/wp-json\/wp\/v2\/users\/13"}],"replies":[{"embeddable":true,"href":"https:\/\/www.association-ore.fr\/fr\/wp-json\/wp\/v2\/comments?post=10923"}],"version-history":[{"count":1,"href":"https:\/\/www.association-ore.fr\/fr\/wp-json\/wp\/v2\/posts\/10923\/revisions"}],"predecessor-version":[{"id":10934,"href":"https:\/\/www.association-ore.fr\/fr\/wp-json\/wp\/v2\/posts\/10923\/revisions\/10934"}],"wp:featuredmedia":[{"embeddable":true,"href":"https:\/\/www.association-ore.fr\/fr\/wp-json\/wp\/v2\/media\/10933"}],"wp:attachment":[{"href":"https:\/\/www.association-ore.fr\/fr\/wp-json\/wp\/v2\/media?parent=10923"}],"wp:term":[{"taxonomy":"category","embeddable":true,"href":"https:\/\/www.association-ore.fr\/fr\/wp-json\/wp\/v2\/categories?post=10923"},{"taxonomy":"post_tag","embeddable":true,"href":"https:\/\/www.association-ore.fr\/fr\/wp-json\/wp\/v2\/tags?post=10923"}],"curies":[{"name":"wp","href":"https:\/\/api.w.org\/{rel}","templated":true}]}}